{"id":1164,"date":"2017-10-11T21:07:30","date_gmt":"2017-10-11T19:07:30","guid":{"rendered":"http:\/\/ip11.eu\/renovierung\/?p=1164"},"modified":"2017-10-12T00:55:42","modified_gmt":"2017-10-11T22:55:42","slug":"07-10-17","status":"publish","type":"post","link":"http:\/\/ip1.eu\/?p=1164","title":{"rendered":"07.10.17"},"content":{"rendered":"<p>Samstag ging es los. Erst einmal alles aufr\u00e4umen, damit wir Platz zum Arbeiten haben.<\/p>\n<p><a href=\"http:\/\/ip11.eu\/renovierung\/wp-content\/uploads\/2017\/10\/20171007_180915.jpg\"><img loading=\"lazy\" decoding=\"async\" class=\"alignnone wp-image-1165 size-large\" src=\"http:\/\/ip11.eu\/renovierung\/wp-content\/uploads\/2017\/10\/20171007_180915-e1507761619191-1024x768.jpg\" alt=\"\" width=\"660\" height=\"495\" srcset=\"http:\/\/ip1.eu\/wp-content\/uploads\/2017\/10\/20171007_180915-e1507761619191-1024x768.jpg 1024w, http:\/\/ip1.eu\/wp-content\/uploads\/2017\/10\/20171007_180915-e1507761619191-300x225.jpg 300w\" sizes=\"auto, (max-width: 660px) 100vw, 660px\" \/><\/a><\/p>\n<p>Nun ging es wieder an die kleine Trockenbauwand beim Urinal und Klo. Ein Profil muss an die Decke. Trotz guter und verschiedener D\u00fcbel bekamen wir keine besonders gute Verbindung. Am Ende wurden es Klapp-Metalld\u00fcbel mit Schlosserschrauben.<\/p>\n<p><a href=\"http:\/\/ip11.eu\/renovierung\/wp-content\/uploads\/2017\/10\/20171007_185826.jpg\"><img loading=\"lazy\" decoding=\"async\" class=\"alignnone wp-image-1166 size-large\" src=\"http:\/\/ip11.eu\/renovierung\/wp-content\/uploads\/2017\/10\/20171007_185826-e1507761795864-1024x768.jpg\" alt=\"\" width=\"660\" height=\"495\" srcset=\"http:\/\/ip1.eu\/wp-content\/uploads\/2017\/10\/20171007_185826-e1507761795864-1024x768.jpg 1024w, http:\/\/ip1.eu\/wp-content\/uploads\/2017\/10\/20171007_185826-e1507761795864-300x225.jpg 300w\" sizes=\"auto, (max-width: 660px) 100vw, 660px\" \/><\/a><\/p>\n<p>Wer gut schmiert der gut f\u00e4hrt ^^<\/p>\n<p><a href=\"http:\/\/ip11.eu\/renovierung\/wp-content\/uploads\/2017\/10\/IMG-20171009-WA0004.jpg\"><img loading=\"lazy\" decoding=\"async\" class=\"alignnone size-large wp-image-1176\" src=\"http:\/\/ip11.eu\/renovierung\/wp-content\/uploads\/2017\/10\/IMG-20171009-WA0004-576x1024.jpg\" alt=\"\" width=\"576\" height=\"1024\" srcset=\"http:\/\/ip1.eu\/wp-content\/uploads\/2017\/10\/IMG-20171009-WA0004-576x1024.jpg 576w, http:\/\/ip1.eu\/wp-content\/uploads\/2017\/10\/IMG-20171009-WA0004-169x300.jpg 169w, http:\/\/ip1.eu\/wp-content\/uploads\/2017\/10\/IMG-20171009-WA0004.jpg 720w\" sizes=\"auto, (max-width: 576px) 100vw, 576px\" \/><\/a><\/p>\n<p>Am Ende standen auch die horizontalen Streben und das Klo ist komplett befestigft.<\/p>\n<p><a href=\"http:\/\/ip11.eu\/renovierung\/wp-content\/uploads\/2017\/10\/20171007_212516.jpg\"><img loading=\"lazy\" decoding=\"async\" class=\"alignnone wp-image-1167 size-large\" src=\"http:\/\/ip11.eu\/renovierung\/wp-content\/uploads\/2017\/10\/20171007_212516-e1507761888552-1024x768.jpg\" alt=\"\" width=\"660\" height=\"495\" srcset=\"http:\/\/ip1.eu\/wp-content\/uploads\/2017\/10\/20171007_212516-e1507761888552-1024x768.jpg 1024w, http:\/\/ip1.eu\/wp-content\/uploads\/2017\/10\/20171007_212516-e1507761888552-300x225.jpg 300w\" sizes=\"auto, (max-width: 660px) 100vw, 660px\" \/><\/a><\/p>\n<p>Jetzt ging es an den Doppelwaschtisch. Auch hier kommen Geberit-Systeme zum Einsatz. Nach einigem Rechnen und planen je nach Badm\u00f6bel und Spiegelschrank stand fest, wie diese angebracht werden mussten. Schiene ran da..<\/p>\n<p><a href=\"http:\/\/ip11.eu\/renovierung\/wp-content\/uploads\/2017\/10\/IMG-20171009-WA0005.jpg\"><img loading=\"lazy\" decoding=\"async\" class=\"alignnone size-large wp-image-1177\" src=\"http:\/\/ip11.eu\/renovierung\/wp-content\/uploads\/2017\/10\/IMG-20171009-WA0005-1024x576.jpg\" alt=\"\" width=\"660\" height=\"371\" srcset=\"http:\/\/ip1.eu\/wp-content\/uploads\/2017\/10\/IMG-20171009-WA0005-1024x576.jpg 1024w, http:\/\/ip1.eu\/wp-content\/uploads\/2017\/10\/IMG-20171009-WA0005-300x169.jpg 300w, http:\/\/ip1.eu\/wp-content\/uploads\/2017\/10\/IMG-20171009-WA0005.jpg 1280w\" sizes=\"auto, (max-width: 660px) 100vw, 660px\" \/><\/a><\/p>\n<p>Mal die Geberit lose angestellt.<\/p>\n<p><a href=\"http:\/\/ip11.eu\/renovierung\/wp-content\/uploads\/2017\/10\/20171007_222624.jpg\"><img loading=\"lazy\" decoding=\"async\" class=\"alignnone wp-image-1168 size-large\" src=\"http:\/\/ip11.eu\/renovierung\/wp-content\/uploads\/2017\/10\/20171007_222624-e1507761918342-1024x768.jpg\" alt=\"\" width=\"660\" height=\"495\" srcset=\"http:\/\/ip1.eu\/wp-content\/uploads\/2017\/10\/20171007_222624-e1507761918342-1024x768.jpg 1024w, http:\/\/ip1.eu\/wp-content\/uploads\/2017\/10\/20171007_222624-e1507761918342-300x225.jpg 300w\" sizes=\"auto, (max-width: 660px) 100vw, 660px\" \/><\/a><\/p>\n<p>Nun wurden die senkrechten und das obere Profil f\u00fcr den Trockenbau montiert und dann auch die Gestelle verschraubt. Auch das Abwasser ist schon vorbereitet.<\/p>\n<p><a href=\"http:\/\/ip11.eu\/renovierung\/wp-content\/uploads\/2017\/10\/20171008_003132.jpg\"><img loading=\"lazy\" decoding=\"async\" class=\"alignnone wp-image-1169 size-large\" src=\"http:\/\/ip11.eu\/renovierung\/wp-content\/uploads\/2017\/10\/20171008_003132-e1507762053553-1024x768.jpg\" alt=\"\" width=\"660\" height=\"495\" srcset=\"http:\/\/ip1.eu\/wp-content\/uploads\/2017\/10\/20171008_003132-e1507762053553-1024x768.jpg 1024w, http:\/\/ip1.eu\/wp-content\/uploads\/2017\/10\/20171008_003132-e1507762053553-300x225.jpg 300w\" sizes=\"auto, (max-width: 660px) 100vw, 660px\" \/><\/a><\/p>\n<p>Hier wird die begehbare Dusche angeschlossen. Au\u00dferdem kommt noch ein Y-St\u00fcck rein, wo ein 50er HT-Rohr durch die Wand zu dem Doppelwaschtich verl\u00e4uft.<\/p>\n<p><a href=\"http:\/\/ip11.eu\/renovierung\/wp-content\/uploads\/2017\/10\/20171008_003141.jpg\"><img loading=\"lazy\" decoding=\"async\" class=\"alignnone wp-image-1170 size-large\" src=\"http:\/\/ip11.eu\/renovierung\/wp-content\/uploads\/2017\/10\/20171008_003141-e1507762136370-1024x768.jpg\" alt=\"\" width=\"660\" height=\"495\" srcset=\"http:\/\/ip1.eu\/wp-content\/uploads\/2017\/10\/20171008_003141-e1507762136370-1024x768.jpg 1024w, http:\/\/ip1.eu\/wp-content\/uploads\/2017\/10\/20171008_003141-e1507762136370-300x225.jpg 300w\" sizes=\"auto, (max-width: 660px) 100vw, 660px\" \/><\/a><\/p>\n<p>Als Verkleidung f\u00fcr das Doppelwaschbecken setzen wir auf zweimal 15er MDF-Platten, wodurch man ein 3cm starkes Holz erh\u00e4lt. Dort sollte jedes M\u00f6belst\u00fcck dran halten. L\u00f6cher f\u00fcr Zu- und Abwasser m\u00fcssen nat\u00fcrlich rein.<\/p>\n<p><a href=\"http:\/\/ip11.eu\/renovierung\/wp-content\/uploads\/2017\/10\/20171008_015513.jpg\"><img loading=\"lazy\" decoding=\"async\" class=\"alignnone wp-image-1171 size-large\" src=\"http:\/\/ip11.eu\/renovierung\/wp-content\/uploads\/2017\/10\/20171008_015513-e1507762164987-1024x768.jpg\" alt=\"\" width=\"660\" height=\"495\" srcset=\"http:\/\/ip1.eu\/wp-content\/uploads\/2017\/10\/20171008_015513-e1507762164987-1024x768.jpg 1024w, http:\/\/ip1.eu\/wp-content\/uploads\/2017\/10\/20171008_015513-e1507762164987-300x225.jpg 300w\" sizes=\"auto, (max-width: 660px) 100vw, 660px\" \/><\/a><\/p>\n<p><a href=\"http:\/\/ip11.eu\/renovierung\/wp-content\/uploads\/2017\/10\/20171008_015520.jpg\"><img loading=\"lazy\" decoding=\"async\" class=\"alignnone wp-image-1172 size-large\" src=\"http:\/\/ip11.eu\/renovierung\/wp-content\/uploads\/2017\/10\/20171008_015520-e1507762187151-1024x768.jpg\" alt=\"\" width=\"660\" height=\"495\" srcset=\"http:\/\/ip1.eu\/wp-content\/uploads\/2017\/10\/20171008_015520-e1507762187151-1024x768.jpg 1024w, http:\/\/ip1.eu\/wp-content\/uploads\/2017\/10\/20171008_015520-e1507762187151-300x225.jpg 300w\" sizes=\"auto, (max-width: 660px) 100vw, 660px\" \/><\/a><\/p>\n<p><a href=\"http:\/\/ip11.eu\/renovierung\/wp-content\/uploads\/2017\/10\/20171008_015521.jpg\"><img loading=\"lazy\" decoding=\"async\" class=\"alignnone wp-image-1173 size-large\" src=\"http:\/\/ip11.eu\/renovierung\/wp-content\/uploads\/2017\/10\/20171008_015521-e1507762214928-1024x768.jpg\" alt=\"\" width=\"660\" height=\"495\" srcset=\"http:\/\/ip1.eu\/wp-content\/uploads\/2017\/10\/20171008_015521-e1507762214928-1024x768.jpg 1024w, http:\/\/ip1.eu\/wp-content\/uploads\/2017\/10\/20171008_015521-e1507762214928-300x225.jpg 300w\" sizes=\"auto, (max-width: 660px) 100vw, 660px\" \/><\/a><\/p>\n<p>Die Holzplatte wird dann unten an der Schiene als auch an den Geberit-St\u00e4ndern mit Schraube und Mutter befestigt. Hier Probeweise montiert.<\/p>\n<p><a href=\"http:\/\/ip11.eu\/renovierung\/wp-content\/uploads\/2017\/10\/20171008_023715.jpg\"><img loading=\"lazy\" decoding=\"async\" class=\"alignnone wp-image-1174 size-large\" src=\"http:\/\/ip11.eu\/renovierung\/wp-content\/uploads\/2017\/10\/20171008_023715-e1507762240199-1024x768.jpg\" alt=\"\" width=\"660\" height=\"495\" srcset=\"http:\/\/ip1.eu\/wp-content\/uploads\/2017\/10\/20171008_023715-e1507762240199-1024x768.jpg 1024w, http:\/\/ip1.eu\/wp-content\/uploads\/2017\/10\/20171008_023715-e1507762240199-300x225.jpg 300w\" sizes=\"auto, (max-width: 660px) 100vw, 660px\" \/><\/a><\/p>\n<p>Seitlich und oberhalb wird wahrscheinlich auch mit Holz verkleidet.<\/p>\n<p><a href=\"http:\/\/ip11.eu\/renovierung\/wp-content\/uploads\/2017\/10\/20171008_023724.jpg\"><img loading=\"lazy\" decoding=\"async\" class=\"alignnone wp-image-1175 size-large\" src=\"http:\/\/ip11.eu\/renovierung\/wp-content\/uploads\/2017\/10\/20171008_023724-e1507762270949-1024x768.jpg\" alt=\"\" width=\"660\" height=\"495\" srcset=\"http:\/\/ip1.eu\/wp-content\/uploads\/2017\/10\/20171008_023724-e1507762270949-1024x768.jpg 1024w, http:\/\/ip1.eu\/wp-content\/uploads\/2017\/10\/20171008_023724-e1507762270949-300x225.jpg 300w\" sizes=\"auto, (max-width: 660px) 100vw, 660px\" \/><\/a><\/p>\n<p>Feierabend&#8230; halb 4 ^^<\/p>\n","protected":false},"excerpt":{"rendered":"<p>Samstag ging es los. Erst einmal alles aufr\u00e4umen, damit wir Platz zum Arbeiten haben. Nun ging es wieder an die kleine Trockenbauwand beim Urinal und Klo. Ein Profil muss an die Decke. Trotz guter und verschiedener D\u00fcbel bekamen wir keine besonders gute Verbindung. Am Ende wurden es Klapp-Metalld\u00fcbel mit Schlosserschrauben. Wer gut schmiert der gut &hellip; <a href=\"http:\/\/ip1.eu\/?p=1164\" class=\"more-link\"><span class=\"screen-reader-text\">07.10.17<\/span> weiterlesen<\/a><\/p>\n","protected":false},"author":1,"featured_media":0,"comment_status":"open","ping_status":"open","sticky":false,"template":"","format":"standard","meta":{"footnotes":""},"categories":[1],"tags":[],"class_list":["post-1164","post","type-post","status-publish","format-standard","hentry","category-baustelle"],"_links":{"self":[{"href":"http:\/\/ip1.eu\/index.php?rest_route=\/wp\/v2\/posts\/1164","targetHints":{"allow":["GET"]}}],"collection":[{"href":"http:\/\/ip1.eu\/index.php?rest_route=\/wp\/v2\/posts"}],"about":[{"href":"http:\/\/ip1.eu\/index.php?rest_route=\/wp\/v2\/types\/post"}],"author":[{"embeddable":true,"href":"http:\/\/ip1.eu\/index.php?rest_route=\/wp\/v2\/users\/1"}],"replies":[{"embeddable":true,"href":"http:\/\/ip1.eu\/index.php?rest_route=%2Fwp%2Fv2%2Fcomments&post=1164"}],"version-history":[{"count":4,"href":"http:\/\/ip1.eu\/index.php?rest_route=\/wp\/v2\/posts\/1164\/revisions"}],"predecessor-version":[{"id":1181,"href":"http:\/\/ip1.eu\/index.php?rest_route=\/wp\/v2\/posts\/1164\/revisions\/1181"}],"wp:attachment":[{"href":"http:\/\/ip1.eu\/index.php?rest_route=%2Fwp%2Fv2%2Fmedia&parent=1164"}],"wp:term":[{"taxonomy":"category","embeddable":true,"href":"http:\/\/ip1.eu\/index.php?rest_route=%2Fwp%2Fv2%2Fcategories&post=1164"},{"taxonomy":"post_tag","embeddable":true,"href":"http:\/\/ip1.eu\/index.php?rest_route=%2Fwp%2Fv2%2Ftags&post=1164"}],"curies":[{"name":"wp","href":"https:\/\/api.w.org\/{rel}","templated":true}]}}