{"id":1577,"date":"2024-01-13T23:29:11","date_gmt":"2024-01-13T22:29:11","guid":{"rendered":"http:\/\/ip11.eu\/renovierung\/?p=1577"},"modified":"2024-01-13T23:29:11","modified_gmt":"2024-01-13T22:29:11","slug":"13-01-24","status":"publish","type":"post","link":"http:\/\/ip1.eu\/?p=1577","title":{"rendered":"13.01.24"},"content":{"rendered":"\n<h2 class=\"wp-block-heading\">Vorbereitungen<\/h2>\n\n\n\n<p>Zuerst habe ich in der Dusche aufger\u00e4umt, gefegt und die Duschnische ausgesaugt. Dann machte ich mich daran das Eckfenster freizur\u00e4umen, abzufegen und mittels Haftgrund zu behandelt. Unten ist nicht wirklich gerade, weshalb ich da fein mit Putz dr\u00fcber m\u00f6chte.<\/p>\n\n\n\n<figure class=\"wp-block-image size-large\"><img loading=\"lazy\" decoding=\"async\" width=\"1024\" height=\"768\" src=\"http:\/\/ip11.eu\/renovierung\/wp-content\/uploads\/2024\/01\/IMG_4002-1024x768.jpg\" alt=\"\" class=\"wp-image-1578\" srcset=\"http:\/\/ip1.eu\/wp-content\/uploads\/2024\/01\/IMG_4002-1024x768.jpg 1024w, http:\/\/ip1.eu\/wp-content\/uploads\/2024\/01\/IMG_4002-300x225.jpg 300w, http:\/\/ip1.eu\/wp-content\/uploads\/2024\/01\/IMG_4002-1536x1152.jpg 1536w, http:\/\/ip1.eu\/wp-content\/uploads\/2024\/01\/IMG_4002-2048x1536.jpg 2048w\" sizes=\"auto, (max-width: 1024px) 100vw, 1024px\" \/><\/figure>\n\n\n\n<p>Nachdem ich mittels Laser und Kelle das einigerma\u00dfen gerade bekommen habe ist das Eckfenster ebenfalls bereit weiterverarbeitet und mit den Fensterschienen best\u00fcckt zu werden. Diese werde ich demn\u00e4chst kaufen.<\/p>\n\n\n\n<figure class=\"wp-block-image size-large\"><img loading=\"lazy\" decoding=\"async\" width=\"1024\" height=\"768\" src=\"http:\/\/ip11.eu\/renovierung\/wp-content\/uploads\/2024\/01\/IMG_4003-1024x768.jpg\" alt=\"\" class=\"wp-image-1582\" srcset=\"http:\/\/ip1.eu\/wp-content\/uploads\/2024\/01\/IMG_4003-1024x768.jpg 1024w, http:\/\/ip1.eu\/wp-content\/uploads\/2024\/01\/IMG_4003-300x225.jpg 300w, http:\/\/ip1.eu\/wp-content\/uploads\/2024\/01\/IMG_4003-1536x1152.jpg 1536w, http:\/\/ip1.eu\/wp-content\/uploads\/2024\/01\/IMG_4003-2048x1536.jpg 2048w\" sizes=\"auto, (max-width: 1024px) 100vw, 1024px\" \/><\/figure>\n\n\n\n<p>Dannach spr\u00fchte ich die Nische der Dusche mit Haftgrund ein &#8211; alles au\u00dfer die Decke. Da muss die erste Schicht Fl\u00fcssigfolie aufgespachtelt werden.<\/p>\n\n\n\n<figure class=\"wp-block-image size-large\"><img loading=\"lazy\" decoding=\"async\" width=\"1024\" height=\"768\" src=\"http:\/\/ip11.eu\/renovierung\/wp-content\/uploads\/2024\/01\/IMG_4004-1024x768.jpg\" alt=\"\" class=\"wp-image-1581\" srcset=\"http:\/\/ip1.eu\/wp-content\/uploads\/2024\/01\/IMG_4004-1024x768.jpg 1024w, http:\/\/ip1.eu\/wp-content\/uploads\/2024\/01\/IMG_4004-300x225.jpg 300w, http:\/\/ip1.eu\/wp-content\/uploads\/2024\/01\/IMG_4004-1536x1152.jpg 1536w, http:\/\/ip1.eu\/wp-content\/uploads\/2024\/01\/IMG_4004-2048x1536.jpg 2048w\" sizes=\"auto, (max-width: 1024px) 100vw, 1024px\" \/><\/figure>\n\n\n\n<p>Ich habe auch mal probiert, ob das Unterbauelement von Saxoboard passt. Das hat es dann auch. Somit muss auch das Board selbst passt.<\/p>\n\n\n\n<p>Leider steht das HT50 Rohr etwas \u00fcber den Tr\u00e4ger. Entweder schafft es die Schicht Fliesenkleber das genug anzuheben, oder das Board muss in dem kleinen Bereich etwas angeschnitten werden.<\/p>\n\n\n\n<figure class=\"wp-block-image size-large\"><img loading=\"lazy\" decoding=\"async\" width=\"1024\" height=\"768\" src=\"http:\/\/ip11.eu\/renovierung\/wp-content\/uploads\/2024\/01\/IMG_4006-1024x768.jpg\" alt=\"\" class=\"wp-image-1580\" srcset=\"http:\/\/ip1.eu\/wp-content\/uploads\/2024\/01\/IMG_4006-1024x768.jpg 1024w, http:\/\/ip1.eu\/wp-content\/uploads\/2024\/01\/IMG_4006-300x225.jpg 300w, http:\/\/ip1.eu\/wp-content\/uploads\/2024\/01\/IMG_4006-1536x1152.jpg 1536w, http:\/\/ip1.eu\/wp-content\/uploads\/2024\/01\/IMG_4006-2048x1536.jpg 2048w\" sizes=\"auto, (max-width: 1024px) 100vw, 1024px\" \/><\/figure>\n\n\n\n<p>Am Ende habe ich noch im Bad die Decke grob fertiggespachtelt. Hier habe ich gleich gemerkt, dass ich aus der \u00dcbung gekommen bin. Gr\u00f6\u00dfter Fehler war, zu viel Material in die Fugen zu dr\u00fccken und dann abzuziehen. Besser ist es immer nur kleine Teile vorzuarbeiten und gleich abzuziehen.<\/p>\n\n\n\n<figure class=\"wp-block-image size-large\"><img loading=\"lazy\" decoding=\"async\" width=\"1024\" height=\"768\" src=\"http:\/\/ip11.eu\/renovierung\/wp-content\/uploads\/2024\/01\/IMG_4007-1024x768.jpg\" alt=\"\" class=\"wp-image-1579\" srcset=\"http:\/\/ip1.eu\/wp-content\/uploads\/2024\/01\/IMG_4007-1024x768.jpg 1024w, http:\/\/ip1.eu\/wp-content\/uploads\/2024\/01\/IMG_4007-300x225.jpg 300w, http:\/\/ip1.eu\/wp-content\/uploads\/2024\/01\/IMG_4007-1536x1152.jpg 1536w, http:\/\/ip1.eu\/wp-content\/uploads\/2024\/01\/IMG_4007-2048x1536.jpg 2048w\" sizes=\"auto, (max-width: 1024px) 100vw, 1024px\" \/><\/figure>\n\n\n\n<p>Angefangen hatte ich um ca. 14 Uhr. Als ich mit der Decke fertig war \u00fcberraschte mich die Uhrzeit &#8211; 23:00 Uhr. Feierabend!<\/p>\n","protected":false},"excerpt":{"rendered":"<p>Vorbereitungen Zuerst habe ich in der Dusche aufger\u00e4umt, gefegt und die Duschnische ausgesaugt. Dann machte ich mich daran das Eckfenster freizur\u00e4umen, abzufegen und mittels Haftgrund zu behandelt. Unten ist nicht wirklich gerade, weshalb ich da fein mit Putz dr\u00fcber m\u00f6chte. Nachdem ich mittels Laser und Kelle das einigerma\u00dfen gerade bekommen habe ist das Eckfenster ebenfalls &hellip; <a href=\"http:\/\/ip1.eu\/?p=1577\" class=\"more-link\"><span class=\"screen-reader-text\">13.01.24<\/span> weiterlesen<\/a><\/p>\n","protected":false},"author":1,"featured_media":0,"comment_status":"open","ping_status":"open","sticky":false,"template":"","format":"standard","meta":{"footnotes":""},"categories":[1],"tags":[],"class_list":["post-1577","post","type-post","status-publish","format-standard","hentry","category-baustelle"],"_links":{"self":[{"href":"http:\/\/ip1.eu\/index.php?rest_route=\/wp\/v2\/posts\/1577","targetHints":{"allow":["GET"]}}],"collection":[{"href":"http:\/\/ip1.eu\/index.php?rest_route=\/wp\/v2\/posts"}],"about":[{"href":"http:\/\/ip1.eu\/index.php?rest_route=\/wp\/v2\/types\/post"}],"author":[{"embeddable":true,"href":"http:\/\/ip1.eu\/index.php?rest_route=\/wp\/v2\/users\/1"}],"replies":[{"embeddable":true,"href":"http:\/\/ip1.eu\/index.php?rest_route=%2Fwp%2Fv2%2Fcomments&post=1577"}],"version-history":[{"count":1,"href":"http:\/\/ip1.eu\/index.php?rest_route=\/wp\/v2\/posts\/1577\/revisions"}],"predecessor-version":[{"id":1583,"href":"http:\/\/ip1.eu\/index.php?rest_route=\/wp\/v2\/posts\/1577\/revisions\/1583"}],"wp:attachment":[{"href":"http:\/\/ip1.eu\/index.php?rest_route=%2Fwp%2Fv2%2Fmedia&parent=1577"}],"wp:term":[{"taxonomy":"category","embeddable":true,"href":"http:\/\/ip1.eu\/index.php?rest_route=%2Fwp%2Fv2%2Fcategories&post=1577"},{"taxonomy":"post_tag","embeddable":true,"href":"http:\/\/ip1.eu\/index.php?rest_route=%2Fwp%2Fv2%2Ftags&post=1577"}],"curies":[{"name":"wp","href":"https:\/\/api.w.org\/{rel}","templated":true}]}}