{"id":178,"date":"2016-01-02T21:55:40","date_gmt":"2016-01-02T20:55:40","guid":{"rendered":"http:\/\/ip11.eu\/renovierung\/?p=178"},"modified":"2016-01-02T22:13:43","modified_gmt":"2016-01-02T21:13:43","slug":"02-01-16","status":"publish","type":"post","link":"http:\/\/ip1.eu\/?p=178","title":{"rendered":"02.01.16"},"content":{"rendered":"<p>Heute ging es mal wieder an&#8230; ELEKTRIK ^^<\/p>\n<p>Als erstes war der alte Rollladen dran, welcher kurzerhand aus dem Fenster zum restlichen Schutt bef\u00f6rdert wurde.<\/p>\n<p><a href=\"http:\/\/ip11.eu\/renovierung\/wp-content\/uploads\/2016\/01\/20160102_140853.jpg\" rel=\"attachment wp-att-183\"><img loading=\"lazy\" decoding=\"async\" class=\"alignnone wp-image-183 size-large\" src=\"http:\/\/ip11.eu\/renovierung\/wp-content\/uploads\/2016\/01\/20160102_140853-e1451766428538-768x1024.jpg\" alt=\"20160102_140853\" width=\"660\" height=\"880\" srcset=\"http:\/\/ip1.eu\/wp-content\/uploads\/2016\/01\/20160102_140853-e1451766428538-768x1024.jpg 768w, http:\/\/ip1.eu\/wp-content\/uploads\/2016\/01\/20160102_140853-e1451766428538-225x300.jpg 225w\" sizes=\"auto, (max-width: 660px) 100vw, 660px\" \/><\/a><\/p>\n<p>Die alten Metallhalter der Holzwelle wurden mittels Flex abgetrennt und mit einer Schruppscheibe beigelegt. Da alles relativ grob beigeputzt ist, wurde noch mit Schnellgips gegl\u00e4ttet.<\/p>\n<p><a href=\"http:\/\/ip11.eu\/renovierung\/wp-content\/uploads\/2016\/01\/20160102_140819.jpg\" rel=\"attachment wp-att-181\"><img loading=\"lazy\" decoding=\"async\" class=\"alignnone wp-image-181 size-large\" src=\"http:\/\/ip11.eu\/renovierung\/wp-content\/uploads\/2016\/01\/20160102_140819-e1451766616878-768x1024.jpg\" alt=\"20160102_140819\" width=\"660\" height=\"880\" srcset=\"http:\/\/ip1.eu\/wp-content\/uploads\/2016\/01\/20160102_140819-e1451766616878-768x1024.jpg 768w, http:\/\/ip1.eu\/wp-content\/uploads\/2016\/01\/20160102_140819-e1451766616878-225x300.jpg 225w\" sizes=\"auto, (max-width: 660px) 100vw, 660px\" \/><\/a><\/p>\n<p>Nun wurde die Elektrik im Rollladenkasten verkabelt und mittels Verteilerdose und Kabelkanal verlegt. Aber erst mal die alte Kritzelei angeschaut wie denn alles geplant war..<\/p>\n<p><a href=\"http:\/\/ip11.eu\/renovierung\/wp-content\/uploads\/2016\/01\/IMG-20160102-WA0001.jpg\" rel=\"attachment wp-att-192\"><img loading=\"lazy\" decoding=\"async\" class=\"alignnone size-large wp-image-192\" src=\"http:\/\/ip11.eu\/renovierung\/wp-content\/uploads\/2016\/01\/IMG-20160102-WA0001-576x1024.jpg\" alt=\"IMG-20160102-WA0001\" width=\"576\" height=\"1024\" srcset=\"http:\/\/ip1.eu\/wp-content\/uploads\/2016\/01\/IMG-20160102-WA0001-576x1024.jpg 576w, http:\/\/ip1.eu\/wp-content\/uploads\/2016\/01\/IMG-20160102-WA0001-169x300.jpg 169w, http:\/\/ip1.eu\/wp-content\/uploads\/2016\/01\/IMG-20160102-WA0001.jpg 720w\" sizes=\"auto, (max-width: 576px) 100vw, 576px\" \/><\/a><\/p>\n<p>Naja gut.. das war nicht mehr so aktuell. Ein Blick in den Verkabelungsplan gab jedoch Klarheit und es konnte losgehen.<\/p>\n<p><a href=\"http:\/\/ip11.eu\/renovierung\/wp-content\/uploads\/2016\/01\/20160102_140829.jpg\" rel=\"attachment wp-att-182\"><img loading=\"lazy\" decoding=\"async\" class=\"alignnone wp-image-182 size-large\" src=\"http:\/\/ip11.eu\/renovierung\/wp-content\/uploads\/2016\/01\/20160102_140829-e1451766811450-768x1024.jpg\" alt=\"20160102_140829\" width=\"660\" height=\"880\" srcset=\"http:\/\/ip1.eu\/wp-content\/uploads\/2016\/01\/20160102_140829-e1451766811450-768x1024.jpg 768w, http:\/\/ip1.eu\/wp-content\/uploads\/2016\/01\/20160102_140829-e1451766811450-225x300.jpg 225w\" sizes=\"auto, (max-width: 660px) 100vw, 660px\" \/><\/a><\/p>\n<p><a href=\"http:\/\/ip11.eu\/renovierung\/wp-content\/uploads\/2016\/01\/IMG-20160102-WA0003.jpg\" rel=\"attachment wp-att-194\"><img loading=\"lazy\" decoding=\"async\" class=\"alignnone size-large wp-image-194\" src=\"http:\/\/ip11.eu\/renovierung\/wp-content\/uploads\/2016\/01\/IMG-20160102-WA0003-576x1024.jpg\" alt=\"IMG-20160102-WA0003\" width=\"576\" height=\"1024\" srcset=\"http:\/\/ip1.eu\/wp-content\/uploads\/2016\/01\/IMG-20160102-WA0003-576x1024.jpg 576w, http:\/\/ip1.eu\/wp-content\/uploads\/2016\/01\/IMG-20160102-WA0003-169x300.jpg 169w, http:\/\/ip1.eu\/wp-content\/uploads\/2016\/01\/IMG-20160102-WA0003-768x1366.jpg 768w, http:\/\/ip1.eu\/wp-content\/uploads\/2016\/01\/IMG-20160102-WA0003.jpg 899w\" sizes=\"auto, (max-width: 576px) 100vw, 576px\" \/><\/a><\/p>\n<p><a href=\"http:\/\/ip11.eu\/renovierung\/wp-content\/uploads\/2016\/01\/IMG-20160102-WA0004.jpg\" rel=\"attachment wp-att-195\"><img loading=\"lazy\" decoding=\"async\" class=\"alignnone size-large wp-image-195\" src=\"http:\/\/ip11.eu\/renovierung\/wp-content\/uploads\/2016\/01\/IMG-20160102-WA0004-576x1024.jpg\" alt=\"IMG-20160102-WA0004\" width=\"576\" height=\"1024\" srcset=\"http:\/\/ip1.eu\/wp-content\/uploads\/2016\/01\/IMG-20160102-WA0004-576x1024.jpg 576w, http:\/\/ip1.eu\/wp-content\/uploads\/2016\/01\/IMG-20160102-WA0004-169x300.jpg 169w, http:\/\/ip1.eu\/wp-content\/uploads\/2016\/01\/IMG-20160102-WA0004.jpg 720w\" sizes=\"auto, (max-width: 576px) 100vw, 576px\" \/><\/a><\/p>\n<p><a href=\"http:\/\/ip11.eu\/renovierung\/wp-content\/uploads\/2016\/01\/20160102_140805.jpg\" rel=\"attachment wp-att-179\"><img loading=\"lazy\" decoding=\"async\" class=\"alignnone wp-image-179 size-large\" src=\"http:\/\/ip11.eu\/renovierung\/wp-content\/uploads\/2016\/01\/20160102_140805-e1451766877132-768x1024.jpg\" alt=\"20160102_140805\" width=\"660\" height=\"880\" srcset=\"http:\/\/ip1.eu\/wp-content\/uploads\/2016\/01\/20160102_140805-e1451766877132-768x1024.jpg 768w, http:\/\/ip1.eu\/wp-content\/uploads\/2016\/01\/20160102_140805-e1451766877132-225x300.jpg 225w\" sizes=\"auto, (max-width: 660px) 100vw, 660px\" \/><\/a><\/p>\n<p><a href=\"http:\/\/ip11.eu\/renovierung\/wp-content\/uploads\/2016\/01\/20160102_140813.jpg\" rel=\"attachment wp-att-180\"><img loading=\"lazy\" decoding=\"async\" class=\"alignnone size-large wp-image-180\" src=\"http:\/\/ip11.eu\/renovierung\/wp-content\/uploads\/2016\/01\/20160102_140813-1024x768.jpg\" alt=\"20160102_140813\" width=\"660\" height=\"495\" srcset=\"http:\/\/ip1.eu\/wp-content\/uploads\/2016\/01\/20160102_140813-1024x768.jpg 1024w, http:\/\/ip1.eu\/wp-content\/uploads\/2016\/01\/20160102_140813-300x225.jpg 300w, http:\/\/ip1.eu\/wp-content\/uploads\/2016\/01\/20160102_140813-768x576.jpg 768w\" sizes=\"auto, (max-width: 660px) 100vw, 660px\" \/><\/a><\/p>\n<p>Jetzt teilten wir uns auf, wodurch Sascha die Verkabelung des Bewegungsmelders und Verklemmen der Deckenkabel\u00a0 vollzog und ich den Rollladenmotor mit Walze einbaute.<\/p>\n<p>W\u00e4hrend seine Arbeit ganz gut gelang..<\/p>\n<p><a href=\"http:\/\/ip11.eu\/renovierung\/wp-content\/uploads\/2016\/01\/20160102_184537.jpg\" rel=\"attachment wp-att-187\"><img loading=\"lazy\" decoding=\"async\" class=\"alignnone size-large wp-image-187\" src=\"http:\/\/ip11.eu\/renovierung\/wp-content\/uploads\/2016\/01\/20160102_184537-1024x768.jpg\" alt=\"20160102_184537\" width=\"660\" height=\"495\" srcset=\"http:\/\/ip1.eu\/wp-content\/uploads\/2016\/01\/20160102_184537-1024x768.jpg 1024w, http:\/\/ip1.eu\/wp-content\/uploads\/2016\/01\/20160102_184537-300x225.jpg 300w, http:\/\/ip1.eu\/wp-content\/uploads\/2016\/01\/20160102_184537-768x576.jpg 768w\" sizes=\"auto, (max-width: 660px) 100vw, 660px\" \/><\/a><\/p>\n<p>.. hatte ich Probleme mit der Befestigung des Motors. Zum jetzigen Zeitpunkt ist er fest, jedoch nicht so ordentlich wie ich es mir vorstelle, weshalb ich da wohl nochmal nacharbeiten werde. Immerhin sitzt die Welle sch\u00f6n im Wasser und hat ausreichend und gleichen Abstand zum Kasten.<\/p>\n<p><a href=\"http:\/\/ip11.eu\/renovierung\/wp-content\/uploads\/2016\/01\/20160102_184519.jpg\" rel=\"attachment wp-att-186\"><img loading=\"lazy\" decoding=\"async\" class=\"alignnone size-large wp-image-186\" src=\"http:\/\/ip11.eu\/renovierung\/wp-content\/uploads\/2016\/01\/20160102_184519-1024x768.jpg\" alt=\"20160102_184519\" width=\"660\" height=\"495\" srcset=\"http:\/\/ip1.eu\/wp-content\/uploads\/2016\/01\/20160102_184519-1024x768.jpg 1024w, http:\/\/ip1.eu\/wp-content\/uploads\/2016\/01\/20160102_184519-300x225.jpg 300w, http:\/\/ip1.eu\/wp-content\/uploads\/2016\/01\/20160102_184519-768x576.jpg 768w\" sizes=\"auto, (max-width: 660px) 100vw, 660px\" \/><\/a><\/p>\n<p>Als n\u00e4chstes haben wir uns ordentlich Kabel geschnappt und zum Sicherungskasten durchgezogen. 30 Sensorleitungen und diverse Stromkabel mussten noch rein.<br \/>\nHier mal ein kleines Paket davon.<\/p>\n<p><a href=\"http:\/\/ip11.eu\/renovierung\/wp-content\/uploads\/2016\/01\/IMG-20160102-WA0005.jpg\" rel=\"attachment wp-att-196\"><img loading=\"lazy\" decoding=\"async\" class=\"alignnone size-large wp-image-196\" src=\"http:\/\/ip11.eu\/renovierung\/wp-content\/uploads\/2016\/01\/IMG-20160102-WA0005-576x1024.jpg\" alt=\"IMG-20160102-WA0005\" width=\"576\" height=\"1024\" srcset=\"http:\/\/ip1.eu\/wp-content\/uploads\/2016\/01\/IMG-20160102-WA0005-576x1024.jpg 576w, http:\/\/ip1.eu\/wp-content\/uploads\/2016\/01\/IMG-20160102-WA0005-169x300.jpg 169w, http:\/\/ip1.eu\/wp-content\/uploads\/2016\/01\/IMG-20160102-WA0005.jpg 720w\" sizes=\"auto, (max-width: 576px) 100vw, 576px\" \/><\/a><\/p>\n<p>Sascha freute sich \u00fcber den Fortschritt und fummelte die ganzen Leitungen im Hauptverteiler zusammen. Ohh ja.. ein gro\u00dfer Kasten mit vielen Leitungen \ud83d\ude42<\/p>\n<p><a href=\"http:\/\/ip11.eu\/renovierung\/wp-content\/uploads\/2016\/01\/20160102_180900-e1451767237154.jpg\" rel=\"attachment wp-att-184\"><img loading=\"lazy\" decoding=\"async\" class=\"alignnone size-large wp-image-184\" src=\"http:\/\/ip11.eu\/renovierung\/wp-content\/uploads\/2016\/01\/20160102_180900-e1451767237154-768x1024.jpg\" alt=\"20160102_180900\" width=\"660\" height=\"880\" srcset=\"http:\/\/ip1.eu\/wp-content\/uploads\/2016\/01\/20160102_180900-e1451767237154-768x1024.jpg 768w, http:\/\/ip1.eu\/wp-content\/uploads\/2016\/01\/20160102_180900-e1451767237154-225x300.jpg 225w\" sizes=\"auto, (max-width: 660px) 100vw, 660px\" \/><\/a><\/p>\n<p>Das Ergebnis kann sich sehen lassen.<\/p>\n<p><a href=\"http:\/\/ip11.eu\/renovierung\/wp-content\/uploads\/2016\/01\/20160102_184545.jpg\" rel=\"attachment wp-att-188\"><img loading=\"lazy\" decoding=\"async\" class=\"alignnone size-large wp-image-188\" src=\"http:\/\/ip11.eu\/renovierung\/wp-content\/uploads\/2016\/01\/20160102_184545-1024x768.jpg\" alt=\"20160102_184545\" width=\"660\" height=\"495\" srcset=\"http:\/\/ip1.eu\/wp-content\/uploads\/2016\/01\/20160102_184545-1024x768.jpg 1024w, http:\/\/ip1.eu\/wp-content\/uploads\/2016\/01\/20160102_184545-300x225.jpg 300w, http:\/\/ip1.eu\/wp-content\/uploads\/2016\/01\/20160102_184545-768x576.jpg 768w\" sizes=\"auto, (max-width: 660px) 100vw, 660px\" \/><\/a><\/p>\n<p>Aber da fehlt doch noch etwas? Richtig, schnell noch die Lautsprecherkabel reingefummelt \ud83d\ude09<\/p>\n<p><a href=\"http:\/\/ip11.eu\/renovierung\/wp-content\/uploads\/2016\/01\/IMG-20160102-WA0000.jpg\" rel=\"attachment wp-att-191\"><img loading=\"lazy\" decoding=\"async\" class=\"alignnone size-large wp-image-191\" src=\"http:\/\/ip11.eu\/renovierung\/wp-content\/uploads\/2016\/01\/IMG-20160102-WA0000-1024x576.jpg\" alt=\"IMG-20160102-WA0000\" width=\"660\" height=\"371\" srcset=\"http:\/\/ip1.eu\/wp-content\/uploads\/2016\/01\/IMG-20160102-WA0000-1024x576.jpg 1024w, http:\/\/ip1.eu\/wp-content\/uploads\/2016\/01\/IMG-20160102-WA0000-300x169.jpg 300w, http:\/\/ip1.eu\/wp-content\/uploads\/2016\/01\/IMG-20160102-WA0000-768x432.jpg 768w, http:\/\/ip1.eu\/wp-content\/uploads\/2016\/01\/IMG-20160102-WA0000.jpg 1280w\" sizes=\"auto, (max-width: 660px) 100vw, 660px\" \/><\/a><\/p>\n<p>&nbsp;<\/p>\n<p>Jetzt ging es los mit der Messung der Leitungen. Wo kommt was an, liegen genug Kabel und \u00fcberhaupt.. was kosten schon Elektrokabel?<\/p>\n<p>Es wurde gleich beschriftet, damit sp\u00e4ter das Anklemmen an die Steuerger\u00e4te schneller und einfacher durchzuf\u00fchren ist. Multimeter raus und go!<\/p>\n<p><a href=\"http:\/\/ip11.eu\/renovierung\/wp-content\/uploads\/2016\/01\/IMG-20160102-WA0006.jpg\" rel=\"attachment wp-att-197\"><img loading=\"lazy\" decoding=\"async\" class=\"alignnone size-large wp-image-197\" src=\"http:\/\/ip11.eu\/renovierung\/wp-content\/uploads\/2016\/01\/IMG-20160102-WA0006-1024x576.jpg\" alt=\"IMG-20160102-WA0006\" width=\"660\" height=\"371\" srcset=\"http:\/\/ip1.eu\/wp-content\/uploads\/2016\/01\/IMG-20160102-WA0006-1024x576.jpg 1024w, http:\/\/ip1.eu\/wp-content\/uploads\/2016\/01\/IMG-20160102-WA0006-300x169.jpg 300w, http:\/\/ip1.eu\/wp-content\/uploads\/2016\/01\/IMG-20160102-WA0006-768x432.jpg 768w, http:\/\/ip1.eu\/wp-content\/uploads\/2016\/01\/IMG-20160102-WA0006.jpg 1280w\" sizes=\"auto, (max-width: 660px) 100vw, 660px\" \/><\/a><\/p>\n<p><img loading=\"lazy\" decoding=\"async\" class=\"alignnone wp-image-189 size-large\" src=\"http:\/\/ip11.eu\/renovierung\/wp-content\/uploads\/2016\/01\/20160102_210934-e1451767663754-768x1024.jpg\" alt=\"20160102_210934\" width=\"660\" height=\"880\" srcset=\"http:\/\/ip1.eu\/wp-content\/uploads\/2016\/01\/20160102_210934-e1451767663754-768x1024.jpg 768w, http:\/\/ip1.eu\/wp-content\/uploads\/2016\/01\/20160102_210934-e1451767663754-225x300.jpg 225w\" sizes=\"auto, (max-width: 660px) 100vw, 660px\" \/><\/p>\n<p>&nbsp;<\/p>\n<p>So weit so gut. Doch da gibt es ja noch die Deckenverteilerdose&#8230; und da gehen ordentlich Kabel durch. Doch diese besagte Dose ist leider klein und dazu soll noch eine Steckdose Platz finden. Genau die richtige Challenge f\u00fcr Sascha, der aufgrund des Platzmangels mit dem L\u00f6tkolben und Schrumpfschlauch anfing zu arbeiten.<\/p>\n<p><a href=\"http:\/\/ip11.eu\/renovierung\/wp-content\/uploads\/2016\/01\/20160102_184509.jpg\" rel=\"attachment wp-att-185\"><img loading=\"lazy\" decoding=\"async\" class=\"alignnone wp-image-185 size-large\" src=\"http:\/\/ip11.eu\/renovierung\/wp-content\/uploads\/2016\/01\/20160102_184509-e1451767911194-768x1024.jpg\" alt=\"20160102_184509\" width=\"660\" height=\"880\" srcset=\"http:\/\/ip1.eu\/wp-content\/uploads\/2016\/01\/20160102_184509-e1451767911194-768x1024.jpg 768w, http:\/\/ip1.eu\/wp-content\/uploads\/2016\/01\/20160102_184509-e1451767911194-225x300.jpg 225w\" sizes=\"auto, (max-width: 660px) 100vw, 660px\" \/><\/a><\/p>\n<p>Vorher:<\/p>\n<p><a href=\"http:\/\/ip11.eu\/renovierung\/wp-content\/uploads\/2016\/01\/IMG-20160102-WA0002.jpg\" rel=\"attachment wp-att-193\"><img loading=\"lazy\" decoding=\"async\" class=\"alignnone wp-image-193 size-large\" src=\"http:\/\/ip11.eu\/renovierung\/wp-content\/uploads\/2016\/01\/IMG-20160102-WA0002-e1451767598680-1024x576.jpg\" alt=\"IMG-20160102-WA0002\" width=\"660\" height=\"371\" srcset=\"http:\/\/ip1.eu\/wp-content\/uploads\/2016\/01\/IMG-20160102-WA0002-e1451767598680-1024x576.jpg 1024w, http:\/\/ip1.eu\/wp-content\/uploads\/2016\/01\/IMG-20160102-WA0002-e1451767598680-300x169.jpg 300w, http:\/\/ip1.eu\/wp-content\/uploads\/2016\/01\/IMG-20160102-WA0002-e1451767598680-768x432.jpg 768w, http:\/\/ip1.eu\/wp-content\/uploads\/2016\/01\/IMG-20160102-WA0002-e1451767598680.jpg 1280w\" sizes=\"auto, (max-width: 660px) 100vw, 660px\" \/><\/a><\/p>\n<p>Nachher: Das Ergebnis sieht gut aus. Bleiben die Phasen f\u00fcr die Steckdose inkl. Durchschleifung nach unten. Ob das alles passen wird? Wir werden sehen \ud83d\ude00<\/p>\n<p><a href=\"http:\/\/ip11.eu\/renovierung\/wp-content\/uploads\/2016\/01\/20160102_210949.jpg\" rel=\"attachment wp-att-190\"><img loading=\"lazy\" decoding=\"async\" class=\"alignnone size-large wp-image-190\" src=\"http:\/\/ip11.eu\/renovierung\/wp-content\/uploads\/2016\/01\/20160102_210949-1024x768.jpg\" alt=\"20160102_210949\" width=\"660\" height=\"495\" srcset=\"http:\/\/ip1.eu\/wp-content\/uploads\/2016\/01\/20160102_210949-1024x768.jpg 1024w, http:\/\/ip1.eu\/wp-content\/uploads\/2016\/01\/20160102_210949-300x225.jpg 300w, http:\/\/ip1.eu\/wp-content\/uploads\/2016\/01\/20160102_210949-768x576.jpg 768w\" sizes=\"auto, (max-width: 660px) 100vw, 660px\" \/><\/a><\/p>\n<p>Zum Schluss bleibt zu sagen.. die W\u00e4nde warten \ud83d\ude41<\/p>\n","protected":false},"excerpt":{"rendered":"<p>Heute ging es mal wieder an&#8230; ELEKTRIK ^^ Als erstes war der alte Rollladen dran, welcher kurzerhand aus dem Fenster zum restlichen Schutt bef\u00f6rdert wurde. Die alten Metallhalter der Holzwelle wurden mittels Flex abgetrennt und mit einer Schruppscheibe beigelegt. Da alles relativ grob beigeputzt ist, wurde noch mit Schnellgips gegl\u00e4ttet. Nun wurde die Elektrik im &hellip; <a href=\"http:\/\/ip1.eu\/?p=178\" class=\"more-link\"><span class=\"screen-reader-text\">02.01.16<\/span> weiterlesen<\/a><\/p>\n","protected":false},"author":1,"featured_media":0,"comment_status":"open","ping_status":"open","sticky":false,"template":"","format":"standard","meta":{"footnotes":""},"categories":[1],"tags":[],"class_list":["post-178","post","type-post","status-publish","format-standard","hentry","category-baustelle"],"_links":{"self":[{"href":"http:\/\/ip1.eu\/index.php?rest_route=\/wp\/v2\/posts\/178","targetHints":{"allow":["GET"]}}],"collection":[{"href":"http:\/\/ip1.eu\/index.php?rest_route=\/wp\/v2\/posts"}],"about":[{"href":"http:\/\/ip1.eu\/index.php?rest_route=\/wp\/v2\/types\/post"}],"author":[{"embeddable":true,"href":"http:\/\/ip1.eu\/index.php?rest_route=\/wp\/v2\/users\/1"}],"replies":[{"embeddable":true,"href":"http:\/\/ip1.eu\/index.php?rest_route=%2Fwp%2Fv2%2Fcomments&post=178"}],"version-history":[{"count":2,"href":"http:\/\/ip1.eu\/index.php?rest_route=\/wp\/v2\/posts\/178\/revisions"}],"predecessor-version":[{"id":199,"href":"http:\/\/ip1.eu\/index.php?rest_route=\/wp\/v2\/posts\/178\/revisions\/199"}],"wp:attachment":[{"href":"http:\/\/ip1.eu\/index.php?rest_route=%2Fwp%2Fv2%2Fmedia&parent=178"}],"wp:term":[{"taxonomy":"category","embeddable":true,"href":"http:\/\/ip1.eu\/index.php?rest_route=%2Fwp%2Fv2%2Fcategories&post=178"},{"taxonomy":"post_tag","embeddable":true,"href":"http:\/\/ip1.eu\/index.php?rest_route=%2Fwp%2Fv2%2Ftags&post=178"}],"curies":[{"name":"wp","href":"https:\/\/api.w.org\/{rel}","templated":true}]}}