{"id":637,"date":"2016-07-09T14:00:43","date_gmt":"2016-07-09T12:00:43","guid":{"rendered":"http:\/\/ip11.eu\/renovierung\/?p=637"},"modified":"2016-07-09T14:00:43","modified_gmt":"2016-07-09T12:00:43","slug":"08-07-16","status":"publish","type":"post","link":"http:\/\/ip1.eu\/?p=637","title":{"rendered":"08.07.16"},"content":{"rendered":"<p>Endlich wieder Freitag. Nach Feierabend ging es in den Baumarkt und dann auf die Baustelle. Ziel war es, die Decke fertig zu stellen, doch dazu kam es nicht mehr.<\/p>\n<p>Um in der begehbaren Dusche mehr Raumgef\u00fchl zu haben und nat\u00fcrlich als Designelement im Flur, hatte Sascha die gute Idee eine Glasfront einzubringen. Ich hatte in meinem Kopf dann gleich lange und schmale Gl\u00e4ser ums Eck, was modern ausschaut und etwas Privatsph\u00e4re erh\u00e4lt.<\/p>\n<p>Nun ist es jedoch so, dass die W\u00e4nde um die Dusche massiv sind. Wie genau wir vorgehen steht noch nicht fest. Ideen gibt es viele, jedoch stand es bisher nicht zur Debatte die Mauer oberhalb vom Glas zu entfernen und mit Gipsplatten zu versehen. Daher mussten wir den ersten Ausschnitt St\u00fctzen, damit oben nicht alles herabf\u00e4llt.<\/p>\n<p>Bohrhammer 3 2 1 ..<\/p>\n<p><a href=\"http:\/\/ip11.eu\/renovierung\/wp-content\/uploads\/2016\/07\/20160708_205739.jpg\"><img loading=\"lazy\" decoding=\"async\" class=\"alignnone size-large wp-image-638\" src=\"http:\/\/ip11.eu\/renovierung\/wp-content\/uploads\/2016\/07\/20160708_205739-1024x768.jpg\" alt=\"20160708_205739\" width=\"660\" height=\"495\" srcset=\"http:\/\/ip1.eu\/wp-content\/uploads\/2016\/07\/20160708_205739-1024x768.jpg 1024w, http:\/\/ip1.eu\/wp-content\/uploads\/2016\/07\/20160708_205739-300x225.jpg 300w\" sizes=\"auto, (max-width: 660px) 100vw, 660px\" \/><\/a><\/p>\n<p>\u00dcberlegung wie geht es weiter..<\/p>\n<p><a href=\"http:\/\/ip11.eu\/renovierung\/wp-content\/uploads\/2016\/07\/20160708_205749.jpg\"><img loading=\"lazy\" decoding=\"async\" class=\"alignnone size-large wp-image-639\" src=\"http:\/\/ip11.eu\/renovierung\/wp-content\/uploads\/2016\/07\/20160708_205749-1024x768.jpg\" alt=\"20160708_205749\" width=\"660\" height=\"495\" srcset=\"http:\/\/ip1.eu\/wp-content\/uploads\/2016\/07\/20160708_205749-1024x768.jpg 1024w, http:\/\/ip1.eu\/wp-content\/uploads\/2016\/07\/20160708_205749-300x225.jpg 300w\" sizes=\"auto, (max-width: 660px) 100vw, 660px\" \/><\/a><\/p>\n<p>Wir sind dann komplett durchgebrochen und haben das St\u00fctzsystem erweitern und so eingebracht, dass man oben eine Platte eingie\u00dfen kann. Eventuell wird ein Metallrahmen eingeschwei\u00dft.<\/p>\n<p>Da wir uns noch nicht sicher sind, blieb es bei der einen Wand und dem jetzigen Zustand. Hier ein Bild von der zuk\u00fcnftigen begehbaren Dusche in den Flur.<\/p>\n<p><a href=\"http:\/\/ip11.eu\/renovierung\/wp-content\/uploads\/2016\/07\/20160708_214821.jpg\"><img loading=\"lazy\" decoding=\"async\" class=\"alignnone size-large wp-image-641\" src=\"http:\/\/ip11.eu\/renovierung\/wp-content\/uploads\/2016\/07\/20160708_214821-1024x768.jpg\" alt=\"20160708_214821\" width=\"660\" height=\"495\" srcset=\"http:\/\/ip1.eu\/wp-content\/uploads\/2016\/07\/20160708_214821-1024x768.jpg 1024w, http:\/\/ip1.eu\/wp-content\/uploads\/2016\/07\/20160708_214821-300x225.jpg 300w\" sizes=\"auto, (max-width: 660px) 100vw, 660px\" \/><\/a><\/p>\n<p>Lustig: Da wir jetzt bessere Atemschutzmasken haben, werden die alten Papiermasken nicht mehr ben\u00f6tigt und h\u00e4ngen an allem m\u00f6glichen Ecken herum. Hier hat sich eine mit Schutt gef\u00fcllt und wippt munter an dessen Gummib\u00e4ndern herum.<\/p>\n<p><a href=\"http:\/\/ip11.eu\/renovierung\/wp-content\/uploads\/2016\/07\/20160708_212103.jpg\"><img loading=\"lazy\" decoding=\"async\" class=\"alignnone size-large wp-image-640\" src=\"http:\/\/ip11.eu\/renovierung\/wp-content\/uploads\/2016\/07\/20160708_212103-1024x768.jpg\" alt=\"20160708_212103\" width=\"660\" height=\"495\" srcset=\"http:\/\/ip1.eu\/wp-content\/uploads\/2016\/07\/20160708_212103-1024x768.jpg 1024w, http:\/\/ip1.eu\/wp-content\/uploads\/2016\/07\/20160708_212103-300x225.jpg 300w\" sizes=\"auto, (max-width: 660px) 100vw, 660px\" \/><\/a><\/p>\n<p>Nun teilten wir uns auf. Sascha machte einen kleinen Durchbruch vom Flur in den Heizungskeller um Leerrohre zu verlegen..<\/p>\n<p><a href=\"http:\/\/ip11.eu\/renovierung\/wp-content\/uploads\/2016\/07\/20160708_233201.jpg\"><img loading=\"lazy\" decoding=\"async\" class=\"alignnone size-large wp-image-642\" src=\"http:\/\/ip11.eu\/renovierung\/wp-content\/uploads\/2016\/07\/20160708_233201-1024x768.jpg\" alt=\"20160708_233201\" width=\"660\" height=\"495\" srcset=\"http:\/\/ip1.eu\/wp-content\/uploads\/2016\/07\/20160708_233201-1024x768.jpg 1024w, http:\/\/ip1.eu\/wp-content\/uploads\/2016\/07\/20160708_233201-300x225.jpg 300w\" sizes=\"auto, (max-width: 660px) 100vw, 660px\" \/><\/a><\/p>\n<p>..w\u00e4hrend ich weitere Deckenabh\u00e4nger montierte.<\/p>\n<p><a href=\"http:\/\/ip11.eu\/renovierung\/wp-content\/uploads\/2016\/07\/20160708_233207.jpg\"><img loading=\"lazy\" decoding=\"async\" class=\"alignnone wp-image-643 size-large\" src=\"http:\/\/ip11.eu\/renovierung\/wp-content\/uploads\/2016\/07\/20160708_233207-e1468065625298-768x1024.jpg\" alt=\"20160708_233207\" width=\"660\" height=\"880\" srcset=\"http:\/\/ip1.eu\/wp-content\/uploads\/2016\/07\/20160708_233207-e1468065625298-768x1024.jpg 768w, http:\/\/ip1.eu\/wp-content\/uploads\/2016\/07\/20160708_233207-e1468065625298-225x300.jpg 225w, http:\/\/ip1.eu\/wp-content\/uploads\/2016\/07\/20160708_233207-e1468065625298.jpg 960w\" sizes=\"auto, (max-width: 660px) 100vw, 660px\" \/><\/a><\/p>\n<p>IN den Heizungskeller kamen f\u00fcnf 32er Rohre. Geplante Strippen sind s\u00e4mtliche Netzwerkkabel der unteren Etage, Lautsprecherkabel und diverse Steuerungs- und Elektrokabel f\u00fcr Entl\u00fcftung, Wassersensoren, usw.<\/p>\n<p>Hintergrund ist die Tatsache, dass neben dem Zentralstaubsauger hier auch die Server untergebracht werden.<\/p>\n<p>Vom Flur in den Heizungskeller.<\/p>\n<p><a href=\"http:\/\/ip11.eu\/renovierung\/wp-content\/uploads\/2016\/07\/20160709_031930.jpg\"><img loading=\"lazy\" decoding=\"async\" class=\"alignnone size-large wp-image-647\" src=\"http:\/\/ip11.eu\/renovierung\/wp-content\/uploads\/2016\/07\/20160709_031930-1024x768.jpg\" alt=\"20160709_031930\" width=\"660\" height=\"495\" srcset=\"http:\/\/ip1.eu\/wp-content\/uploads\/2016\/07\/20160709_031930-1024x768.jpg 1024w, http:\/\/ip1.eu\/wp-content\/uploads\/2016\/07\/20160709_031930-300x225.jpg 300w\" sizes=\"auto, (max-width: 660px) 100vw, 660px\" \/><\/a><\/p>\n<p>Im Heizungskeller selbst.<\/p>\n<p><a href=\"http:\/\/ip11.eu\/renovierung\/wp-content\/uploads\/2016\/07\/20160709_024236.jpg\"><img loading=\"lazy\" decoding=\"async\" class=\"alignnone size-large wp-image-645\" src=\"http:\/\/ip11.eu\/renovierung\/wp-content\/uploads\/2016\/07\/20160709_024236-1024x768.jpg\" alt=\"20160709_024236\" width=\"660\" height=\"495\" srcset=\"http:\/\/ip1.eu\/wp-content\/uploads\/2016\/07\/20160709_024236-1024x768.jpg 1024w, http:\/\/ip1.eu\/wp-content\/uploads\/2016\/07\/20160709_024236-300x225.jpg 300w\" sizes=\"auto, (max-width: 660px) 100vw, 660px\" \/><\/a><\/p>\n<p>Wieder vereint hingen wir weitere Dachlatten an die Decke. Au\u00dferdem haben wir bereits einige von den alten Latten zur Verst\u00e4rkung mit gro\u00df dimensionierten Schrauben mit den Betontr\u00e4gern verschraubt. Das ganze Ger\u00fcst soll schlie\u00dflich dauerhaft halten.<\/p>\n<p>Sascha konnte es nat\u00fcrlich nicht abwarten und wollte die ersten Rigipsplatten h\u00e4ngen sehen. Feuer frei!<\/p>\n<p><a href=\"http:\/\/ip11.eu\/renovierung\/wp-content\/uploads\/2016\/07\/20160709_012656.jpg\"><img loading=\"lazy\" decoding=\"async\" class=\"alignnone size-large wp-image-644\" src=\"http:\/\/ip11.eu\/renovierung\/wp-content\/uploads\/2016\/07\/20160709_012656-1024x768.jpg\" alt=\"20160709_012656\" width=\"660\" height=\"495\" srcset=\"http:\/\/ip1.eu\/wp-content\/uploads\/2016\/07\/20160709_012656-1024x768.jpg 1024w, http:\/\/ip1.eu\/wp-content\/uploads\/2016\/07\/20160709_012656-300x225.jpg 300w\" sizes=\"auto, (max-width: 660px) 100vw, 660px\" \/><\/a><\/p>\n<p>Noch ein paar Platten montiert. Sogar die Baustellenbirne hat eine Bohrung bekommen. Schlie\u00dflich brauchen wir Licht. Zwischen den zwei Lichtern zu sehen die orange Unterputzdose. Hier wird die erste von drei Lampen befestigt. Geplant sind W\u00fcrfel, wie schon einer im begehbaren Kleiderschrank hinkommen soll.<\/p>\n<p><a href=\"http:\/\/ip11.eu\/renovierung\/wp-content\/uploads\/2016\/07\/20160709_031919.jpg\"><img loading=\"lazy\" decoding=\"async\" class=\"alignnone size-large wp-image-646\" src=\"http:\/\/ip11.eu\/renovierung\/wp-content\/uploads\/2016\/07\/20160709_031919-1024x768.jpg\" alt=\"20160709_031919\" width=\"660\" height=\"495\" srcset=\"http:\/\/ip1.eu\/wp-content\/uploads\/2016\/07\/20160709_031919-1024x768.jpg 1024w, http:\/\/ip1.eu\/wp-content\/uploads\/2016\/07\/20160709_031919-300x225.jpg 300w\" sizes=\"auto, (max-width: 660px) 100vw, 660px\" \/><\/a><\/p>\n<p>Abschlie\u00dfend nochmal Leerrohrparty. Abgesehen vom Badezimmer und dem Treppenhaus welches wahrscheinlich dann in der oberen Etage angeschlossen wird, ist alles verlegt.<\/p>\n<p><a href=\"http:\/\/ip11.eu\/renovierung\/wp-content\/uploads\/2016\/07\/20160709_035044.jpg\"><img loading=\"lazy\" decoding=\"async\" class=\"alignnone wp-image-648 size-large\" src=\"http:\/\/ip11.eu\/renovierung\/wp-content\/uploads\/2016\/07\/20160709_035044-e1468065600911-768x1024.jpg\" alt=\"20160709_035044\" width=\"660\" height=\"880\" srcset=\"http:\/\/ip1.eu\/wp-content\/uploads\/2016\/07\/20160709_035044-e1468065600911-768x1024.jpg 768w, http:\/\/ip1.eu\/wp-content\/uploads\/2016\/07\/20160709_035044-e1468065600911-225x300.jpg 225w\" sizes=\"auto, (max-width: 660px) 100vw, 660px\" \/><\/a><\/p>\n<p>Die Uhr stand auf 03:30 Uhr und wir machten unseren wohlverdienten Feierabend.<\/p>\n","protected":false},"excerpt":{"rendered":"<p>Endlich wieder Freitag. Nach Feierabend ging es in den Baumarkt und dann auf die Baustelle. Ziel war es, die Decke fertig zu stellen, doch dazu kam es nicht mehr. Um in der begehbaren Dusche mehr Raumgef\u00fchl zu haben und nat\u00fcrlich als Designelement im Flur, hatte Sascha die gute Idee eine Glasfront einzubringen. Ich hatte in &hellip; <a href=\"http:\/\/ip1.eu\/?p=637\" class=\"more-link\"><span class=\"screen-reader-text\">08.07.16<\/span> weiterlesen<\/a><\/p>\n","protected":false},"author":1,"featured_media":0,"comment_status":"open","ping_status":"open","sticky":false,"template":"","format":"standard","meta":{"footnotes":""},"categories":[1],"tags":[],"class_list":["post-637","post","type-post","status-publish","format-standard","hentry","category-baustelle"],"_links":{"self":[{"href":"http:\/\/ip1.eu\/index.php?rest_route=\/wp\/v2\/posts\/637","targetHints":{"allow":["GET"]}}],"collection":[{"href":"http:\/\/ip1.eu\/index.php?rest_route=\/wp\/v2\/posts"}],"about":[{"href":"http:\/\/ip1.eu\/index.php?rest_route=\/wp\/v2\/types\/post"}],"author":[{"embeddable":true,"href":"http:\/\/ip1.eu\/index.php?rest_route=\/wp\/v2\/users\/1"}],"replies":[{"embeddable":true,"href":"http:\/\/ip1.eu\/index.php?rest_route=%2Fwp%2Fv2%2Fcomments&post=637"}],"version-history":[{"count":1,"href":"http:\/\/ip1.eu\/index.php?rest_route=\/wp\/v2\/posts\/637\/revisions"}],"predecessor-version":[{"id":649,"href":"http:\/\/ip1.eu\/index.php?rest_route=\/wp\/v2\/posts\/637\/revisions\/649"}],"wp:attachment":[{"href":"http:\/\/ip1.eu\/index.php?rest_route=%2Fwp%2Fv2%2Fmedia&parent=637"}],"wp:term":[{"taxonomy":"category","embeddable":true,"href":"http:\/\/ip1.eu\/index.php?rest_route=%2Fwp%2Fv2%2Fcategories&post=637"},{"taxonomy":"post_tag","embeddable":true,"href":"http:\/\/ip1.eu\/index.php?rest_route=%2Fwp%2Fv2%2Ftags&post=637"}],"curies":[{"name":"wp","href":"https:\/\/api.w.org\/{rel}","templated":true}]}}