{"id":919,"date":"2016-12-11T18:44:05","date_gmt":"2016-12-11T17:44:05","guid":{"rendered":"http:\/\/ip11.eu\/renovierung\/?p=919"},"modified":"2016-12-11T18:44:05","modified_gmt":"2016-12-11T17:44:05","slug":"04-12-16","status":"publish","type":"post","link":"http:\/\/ip1.eu\/?p=919","title":{"rendered":"04.12.16"},"content":{"rendered":"<p>Sonntag. Der offizielle Ausreichtag wenn es Freitags nicht klappt. Nachdem letztes mal die Decke herunter gerissen wurde, ging es diesmal um den Aufbau der neuen Decke. Daf\u00fcr wurden die schon vorhandenen Latten mit gro\u00dfen Schrauben am Betontr\u00e4ger verst\u00e4rkt.<\/p>\n<p>Saschas erster Selfiversuch..<\/p>\n<div style=\"width: 660px;\" class=\"wp-video\"><video class=\"wp-video-shortcode\" id=\"video-919-1\" width=\"660\" height=\"371\" preload=\"metadata\" controls=\"controls\"><source type=\"video\/mp4\" src=\"http:\/\/ip11.eu\/renovierung\/wp-content\/uploads\/2016\/12\/20161204_121532.mp4?_=1\" \/><a href=\"http:\/\/ip11.eu\/renovierung\/wp-content\/uploads\/2016\/12\/20161204_121532.mp4\">http:\/\/ip11.eu\/renovierung\/wp-content\/uploads\/2016\/12\/20161204_121532.mp4<\/a><\/video><\/div>\n<p>Nach dem umschalten auf den Kameramodus fing die Dokumentation an.<\/p>\n<p><a href=\"http:\/\/ip11.eu\/renovierung\/wp-content\/uploads\/2016\/12\/20161204_121547.jpg\"><img loading=\"lazy\" decoding=\"async\" class=\"alignnone wp-image-921 size-large\" src=\"http:\/\/ip11.eu\/renovierung\/wp-content\/uploads\/2016\/12\/20161204_121547-e1481477827501-1024x768.jpg\" alt=\"20161204_121547\" width=\"660\" height=\"495\" srcset=\"http:\/\/ip1.eu\/wp-content\/uploads\/2016\/12\/20161204_121547-e1481477827501-1024x768.jpg 1024w, http:\/\/ip1.eu\/wp-content\/uploads\/2016\/12\/20161204_121547-e1481477827501-300x225.jpg 300w, http:\/\/ip1.eu\/wp-content\/uploads\/2016\/12\/20161204_121547-e1481477827501.jpg 1280w\" sizes=\"auto, (max-width: 660px) 100vw, 660px\" \/><\/a><\/p>\n<p>Diese Arbeit war m\u00fchselig aber n\u00f6tig. Dannach ging es an die Montage der impr\u00e4gnierten Bretter. Um diese schnell und einfach gerade zu haben kam mal wieder der Laser zum Einsatz. Dieser wurde kurzerhand mittels Spezialhalter ausgerichtet.<\/p>\n<p><a href=\"http:\/\/ip11.eu\/renovierung\/wp-content\/uploads\/2016\/12\/20161204_140829.jpg\"><img loading=\"lazy\" decoding=\"async\" class=\"alignnone size-large wp-image-922\" src=\"http:\/\/ip11.eu\/renovierung\/wp-content\/uploads\/2016\/12\/20161204_140829-1024x768.jpg\" alt=\"20161204_140829\" width=\"660\" height=\"495\" srcset=\"http:\/\/ip1.eu\/wp-content\/uploads\/2016\/12\/20161204_140829-1024x768.jpg 1024w, http:\/\/ip1.eu\/wp-content\/uploads\/2016\/12\/20161204_140829-300x225.jpg 300w\" sizes=\"auto, (max-width: 660px) 100vw, 660px\" \/><\/a><\/p>\n<p>Nach etwas \u00dcberlegung wie tief die Decke abgeh\u00e4ngt werden soll, waren auch schon die ersten Bretter montiert.<\/p>\n<p><a href=\"http:\/\/ip11.eu\/renovierung\/wp-content\/uploads\/2016\/12\/20161204_150021.jpg\"><img loading=\"lazy\" decoding=\"async\" class=\"alignnone size-large wp-image-923\" src=\"http:\/\/ip11.eu\/renovierung\/wp-content\/uploads\/2016\/12\/20161204_150021-1024x768.jpg\" alt=\"20161204_150021\" width=\"660\" height=\"495\" srcset=\"http:\/\/ip1.eu\/wp-content\/uploads\/2016\/12\/20161204_150021-1024x768.jpg 1024w, http:\/\/ip1.eu\/wp-content\/uploads\/2016\/12\/20161204_150021-300x225.jpg 300w\" sizes=\"auto, (max-width: 660px) 100vw, 660px\" \/><\/a><\/p>\n<p>Der Zuschnitt erfolgte wieder via Multicutter. Meine Fein musste weichen und mein neuer Bosch kam zum Einsatz. Neues Werkzeug hat Schonzeit!<\/p>\n<p><a href=\"http:\/\/ip11.eu\/renovierung\/wp-content\/uploads\/2016\/12\/20161204_150033.jpg\"><img loading=\"lazy\" decoding=\"async\" class=\"alignnone size-large wp-image-924\" src=\"http:\/\/ip11.eu\/renovierung\/wp-content\/uploads\/2016\/12\/20161204_150033-1024x768.jpg\" alt=\"20161204_150033\" width=\"660\" height=\"495\" srcset=\"http:\/\/ip1.eu\/wp-content\/uploads\/2016\/12\/20161204_150033-1024x768.jpg 1024w, http:\/\/ip1.eu\/wp-content\/uploads\/2016\/12\/20161204_150033-300x225.jpg 300w\" sizes=\"auto, (max-width: 660px) 100vw, 660px\" \/><\/a><\/p>\n<p>Nachdem alle Bretter angeschraubt waren, wurden diese miteinander verbunden.<\/p>\n<p><a href=\"http:\/\/ip11.eu\/renovierung\/wp-content\/uploads\/2016\/12\/20161204_165954.jpg\"><img loading=\"lazy\" decoding=\"async\" class=\"alignnone size-large wp-image-925\" src=\"http:\/\/ip11.eu\/renovierung\/wp-content\/uploads\/2016\/12\/20161204_165954-1024x768.jpg\" alt=\"20161204_165954\" width=\"660\" height=\"495\" srcset=\"http:\/\/ip1.eu\/wp-content\/uploads\/2016\/12\/20161204_165954-1024x768.jpg 1024w, http:\/\/ip1.eu\/wp-content\/uploads\/2016\/12\/20161204_165954-300x225.jpg 300w\" sizes=\"auto, (max-width: 660px) 100vw, 660px\" \/><\/a><\/p>\n<p>Hier zu sehen das fertige Ergebnis. Holzlatten (dieser Qualit\u00e4t) sind sicherlich nicht erste Wahl f\u00fcr eine Decke, aber nunmal sehr g\u00fcnstig.<\/p>\n<p><a href=\"http:\/\/ip11.eu\/renovierung\/wp-content\/uploads\/2016\/12\/20161204_172130.jpg\"><img loading=\"lazy\" decoding=\"async\" class=\"alignnone size-large wp-image-926\" src=\"http:\/\/ip11.eu\/renovierung\/wp-content\/uploads\/2016\/12\/20161204_172130-1024x768.jpg\" alt=\"20161204_172130\" width=\"660\" height=\"495\" srcset=\"http:\/\/ip1.eu\/wp-content\/uploads\/2016\/12\/20161204_172130-1024x768.jpg 1024w, http:\/\/ip1.eu\/wp-content\/uploads\/2016\/12\/20161204_172130-300x225.jpg 300w\" sizes=\"auto, (max-width: 660px) 100vw, 660px\" \/><\/a><\/p>\n<p>Vor dem Feierabend zogen wir schon die ersten Leerrohre f\u00fcr die Elektrik auf das Ger\u00fcst. Ganz hinten zu sehen die Rohre f\u00fcr den Schlaucheinzug des Zentralstaubsaugers. Hier gab es leider Probleme und ich muss noch spezielle Winkel bestellen.<\/p>\n<p><a href=\"http:\/\/ip11.eu\/renovierung\/wp-content\/uploads\/2016\/12\/20161204_183206.jpg\"><img loading=\"lazy\" decoding=\"async\" class=\"alignnone size-large wp-image-927\" src=\"http:\/\/ip11.eu\/renovierung\/wp-content\/uploads\/2016\/12\/20161204_183206-1024x768.jpg\" alt=\"20161204_183206\" width=\"660\" height=\"495\" srcset=\"http:\/\/ip1.eu\/wp-content\/uploads\/2016\/12\/20161204_183206-1024x768.jpg 1024w, http:\/\/ip1.eu\/wp-content\/uploads\/2016\/12\/20161204_183206-300x225.jpg 300w\" sizes=\"auto, (max-width: 660px) 100vw, 660px\" \/><\/a><\/p>\n<p>Ende f\u00fcr heute. Das ziehen der Technik kann beginnen.<\/p>\n","protected":false},"excerpt":{"rendered":"<p>Sonntag. Der offizielle Ausreichtag wenn es Freitags nicht klappt. Nachdem letztes mal die Decke herunter gerissen wurde, ging es diesmal um den Aufbau der neuen Decke. Daf\u00fcr wurden die schon vorhandenen Latten mit gro\u00dfen Schrauben am Betontr\u00e4ger verst\u00e4rkt. Saschas erster Selfiversuch.. Nach dem umschalten auf den Kameramodus fing die Dokumentation an. Diese Arbeit war m\u00fchselig &hellip; <a href=\"http:\/\/ip1.eu\/?p=919\" class=\"more-link\"><span class=\"screen-reader-text\">04.12.16<\/span> weiterlesen<\/a><\/p>\n","protected":false},"author":1,"featured_media":0,"comment_status":"open","ping_status":"open","sticky":false,"template":"","format":"standard","meta":{"footnotes":""},"categories":[1],"tags":[],"class_list":["post-919","post","type-post","status-publish","format-standard","hentry","category-baustelle"],"_links":{"self":[{"href":"http:\/\/ip1.eu\/index.php?rest_route=\/wp\/v2\/posts\/919","targetHints":{"allow":["GET"]}}],"collection":[{"href":"http:\/\/ip1.eu\/index.php?rest_route=\/wp\/v2\/posts"}],"about":[{"href":"http:\/\/ip1.eu\/index.php?rest_route=\/wp\/v2\/types\/post"}],"author":[{"embeddable":true,"href":"http:\/\/ip1.eu\/index.php?rest_route=\/wp\/v2\/users\/1"}],"replies":[{"embeddable":true,"href":"http:\/\/ip1.eu\/index.php?rest_route=%2Fwp%2Fv2%2Fcomments&post=919"}],"version-history":[{"count":3,"href":"http:\/\/ip1.eu\/index.php?rest_route=\/wp\/v2\/posts\/919\/revisions"}],"predecessor-version":[{"id":930,"href":"http:\/\/ip1.eu\/index.php?rest_route=\/wp\/v2\/posts\/919\/revisions\/930"}],"wp:attachment":[{"href":"http:\/\/ip1.eu\/index.php?rest_route=%2Fwp%2Fv2%2Fmedia&parent=919"}],"wp:term":[{"taxonomy":"category","embeddable":true,"href":"http:\/\/ip1.eu\/index.php?rest_route=%2Fwp%2Fv2%2Fcategories&post=919"},{"taxonomy":"post_tag","embeddable":true,"href":"http:\/\/ip1.eu\/index.php?rest_route=%2Fwp%2Fv2%2Ftags&post=919"}],"curies":[{"name":"wp","href":"https:\/\/api.w.org\/{rel}","templated":true}]}}